{"id":125550,"date":"2021-07-07T12:23:02","date_gmt":"2021-07-07T12:23:02","guid":{"rendered":"https:\/\/staging.bil.com.br\/blog\/?p=125550"},"modified":"2021-07-07T13:46:20","modified_gmt":"2021-07-07T13:46:20","slug":"pos-graduacao-canada-vancouver-cursos-profissionalizantes","status":"publish","type":"post","link":"https:\/\/staging.bil.com.br\/blog\/pos-graduacao-canada-vancouver-cursos-profissionalizantes\/","title":{"rendered":"P\u00f3s Gradua\u00e7\u00e3o e Cursos Profissionalizantes no Canad\u00e1 em 2022 e 2023."},"content":{"rendered":"\n<h2 class=\"wp-block-heading\">Vancouver<\/h2>\n\n\n\n<p> A cidade mais habit\u00e1vel do mundo, com uma popula\u00e7\u00e3o de aproximadamente 2 milh\u00f5es de pessoas das mais diferentes culturas.  Vancouver oferece uma beleza natural espetacular e uma grande variedade de atividades em uma atmosfera empolgante e multicultural.<\/p>\n\n\n\n<h2 class=\"wp-block-heading\">P\u00f3s Gradua\u00e7\u00e3o<\/h2>\n\n\n\n<p>Diploma de P\u00f3s-Gradua\u00e7\u00e3o em Gest\u00e3o de Cadeia de Suprimentos.<br>A cadeia de suprimentos \u00e9 uma das ind\u00fastrias que mais cresce no Canad\u00e1.<br>Concluir o programa o transformar\u00e1 em algu\u00e9m com compet\u00eancias pr\u00e1ticas de neg\u00f3cios e compet\u00eancias em alta demanda.<br>Os profissionais de Gest\u00e3o de Cadeira de Suprimentos ocupam uma s\u00e9rie de posi\u00e7\u00f5es de influ\u00eancia nas empresas.<\/p>\n\n\n\n<p class=\"has-normal-font-size\"><strong>Dura\u00e7\u00e3o:<\/strong><br>&#8211; 32 meses: 56 semanas de estudo + 48 semanas de trabalho + 24 semanas de f\u00e9rias<br>&#8211; 18 meses: 32 semanas de estudo + 24 semanas de trabalho + 16 semanas de f\u00e9rias<br><br><strong>Datas de in\u00edcio:<\/strong><br>&#8211; 2022: janeiro e setembro<br>&#8211; 2023: fevereiro e agosto<\/p>\n\n\n\n<figure class=\"wp-block-image size-large\"><a href=\"https:\/\/staging.bil.com.br\/blog\/wp-content\/uploads\/2021\/07\/topo-pos-vancouver1.png\"><img fetchpriority=\"high\" decoding=\"async\" width=\"1024\" height=\"420\" src=\"https:\/\/staging.bil.com.br\/blog\/wp-content\/uploads\/2021\/07\/topo-pos-vancouver1.png\" alt=\"\" class=\"wp-image-125551\" srcset=\"https:\/\/staging.bil.com.br\/blog\/wp-content\/uploads\/2021\/07\/topo-pos-vancouver1.png 1024w, https:\/\/staging.bil.com.br\/blog\/wp-content\/uploads\/2021\/07\/topo-pos-vancouver1-300x123.png 300w, https:\/\/staging.bil.com.br\/blog\/wp-content\/uploads\/2021\/07\/topo-pos-vancouver1-768x315.png 768w\" sizes=\"(max-width: 1024px) 100vw, 1024px\" \/><\/a><figcaption>Cursos Profissionalizantes<\/figcaption><\/figure>\n\n\n\n<h2 class=\"wp-block-heading\"><strong>Cursos Profissionalizantes<\/strong><\/h2>\n\n\n\n<p>Os cursos profissionalizantes &nbsp;tem dura\u00e7\u00e3o de 2 meses com 7 horas por semana.<br>Dessa forma, se desejar poder\u00e1 cursar at\u00e9 3 mat\u00e9rias simultaneamente.<\/p>\n\n\n\n<h3 class=\"wp-block-heading\">Cursos:<br>&#8211; Social Media Marketing: <a href=\"https:\/\/vanwest.com\/programs\/career\/social-media-marketing\">saiba mais &gt;&gt;<\/a><br>&#8211; Project Management: <a href=\"https:\/\/vanwest.com\/programs\/career\/project-management\">saiba mais &gt;&gt;<\/a> <br>&#8211; Leardership Skills: <a href=\"https:\/\/vanwest.com\/programs\/career\/leadership-skills\">saiba mais &gt;&gt;<\/a>&nbsp;<br>&#8211; Finance: <a href=\"https:\/\/vanwest.com\/programs\/career\/finance\">saiba mais &gt;&gt;<\/a><br>&#8211; E-Commerce: <a href=\"https:\/\/vanwest.com\/programs\/career\/e-commerce\">saiba mais &gt;&gt;&nbsp;<\/a><\/h3>\n\n\n\n<p class=\"has-normal-font-size\"><strong>Datas de in\u00edcio:<\/strong><br>&#8211; 2022: janeiro, mar\u00e7o, maio, julho, setembro, outubro e dezembro.<br>&#8211; 2023: fevereiro, abril, junho, agosto, outubro e novembro.<\/p>\n\n\n\n<h3 class=\"wp-block-heading\"><strong>Promo\u00e7\u00e3o:<\/strong><br>Inscreva-se em um curso vocacional at\u00e9 30\/07\/2021 e&nbsp;<strong>ganhe 8 semanas de curso de ingl\u00eas<\/strong>&nbsp;(online ou presencial) para se preparar e ter maior aproveitamento do curso.<br><\/h3>\n\n\n\n<hr class=\"wp-block-separator\"\/>\n\n\n\n<h2 class=\"has-text-align-center wp-block-heading\">Fale com um consultor!<\/h2>\n\n\n\n<div class=\"wp-block-buttons is-content-justification-center is-layout-flex wp-block-buttons-is-layout-flex\">\n\n<\/div>\n\n\n\n<hr class=\"wp-block-separator\"\/>\n\n\n\n<div class=\"wp-block-media-text alignwide is-stacked-on-mobile\"><figure class=\"wp-block-media-text__media\"><img decoding=\"async\" width=\"400\" height=\"400\" src=\"https:\/\/staging.bil.com.br\/blog\/wp-content\/uploads\/2021\/07\/destaque-college-can.jpg\" alt=\"\" class=\"wp-image-125554 size-full\" srcset=\"https:\/\/staging.bil.com.br\/blog\/wp-content\/uploads\/2021\/07\/destaque-college-can.jpg 400w, https:\/\/staging.bil.com.br\/blog\/wp-content\/uploads\/2021\/07\/destaque-college-can-300x300.jpg 300w, https:\/\/staging.bil.com.br\/blog\/wp-content\/uploads\/2021\/07\/destaque-college-can-150x150.jpg 150w, https:\/\/staging.bil.com.br\/blog\/wp-content\/uploads\/2021\/07\/destaque-college-can-60x60.jpg 60w\" sizes=\"(max-width: 400px) 100vw, 400px\" \/><\/figure><div class=\"wp-block-media-text__content\">\n<h2 class=\"wp-block-heading\">Veja tamb\u00e9m:<\/h2>\n\n\n\n<h2 class=\"wp-block-heading\"><a href=\"https:\/\/bil.us2.list-manage.com\/track\/click?u=337637ddb5589e03c130280c7&amp;id=4f24a4ea0a&amp;e=f756aa2f1e\" target=\"_blank\" rel=\"noreferrer noopener\">Universidade no Brasil ou College no Canad\u00e1? Qual a melhor op\u00e7\u00e3o?<\/a><\/h2>\n\n\n\n<p>O futuro dos estudantes que est\u00e3o saindo do Ensino M\u00e9dio ficou bastante incerto com a pandemia de coronav\u00edrus. O que ser\u00e1 melhor: fazer&nbsp;<strong><em>universidade no Brasil ou College no Canad\u00e1<\/em><\/strong>? E por que este pa\u00eds est\u00e1 cada vez mais na rota dos estudantes brasileiros?&nbsp;<a href=\"https:\/\/bil.us2.list-manage.com\/track\/click?u=337637ddb5589e03c130280c7&amp;id=694872f765&amp;e=f756aa2f1e\" target=\"_blank\" rel=\"noreferrer noopener\">Leia a mat\u00e9ria completa &gt;&gt;<\/a><\/p>\n<\/div><\/div>\n","protected":false},"excerpt":{"rendered":"<p>Vancouver A cidade mais habit\u00e1vel do mundo, com uma popula\u00e7\u00e3o de aproximadamente 2 milh\u00f5es de pessoas das mais diferentes culturas. [&hellip;]<\/p>\n","protected":false},"author":1,"featured_media":125552,"comment_status":"open","ping_status":"open","sticky":false,"template":"","format":"standard","meta":{"_uf_show_specific_survey":0,"_uf_disable_surveys":false,"site-sidebar-layout":"default","site-content-layout":"","ast-site-content-layout":"","site-content-style":"default","site-sidebar-style":"default","ast-global-header-display":"","ast-banner-title-visibility":"","ast-main-header-display":"","ast-hfb-above-header-display":"","ast-hfb-below-header-display":"","ast-hfb-mobile-header-display":"","site-post-title":"","ast-breadcrumbs-content":"","ast-featured-img":"","footer-sml-layout":"","theme-transparent-header-meta":"","adv-header-id-meta":"","stick-header-meta":"","header-above-stick-meta":"","header-main-stick-meta":"","header-below-stick-meta":"","astra-migrate-meta-layouts":"default","ast-page-background-enabled":"default","ast-page-background-meta":{"desktop":{"background-color":"var(--ast-global-color-4)","background-image":"","background-repeat":"repeat","background-position":"center center","background-size":"auto","background-attachment":"scroll","background-type":"","background-media":"","overlay-type":"","overlay-color":"","overlay-gradient":""},"tablet":{"background-color":"","background-image":"","background-repeat":"repeat","background-position":"center center","background-size":"auto","background-attachment":"scroll","background-type":"","background-media":"","overlay-type":"","overlay-color":"","overlay-gradient":""},"mobile":{"background-color":"","background-image":"","background-repeat":"repeat","background-position":"center center","background-size":"auto","background-attachment":"scroll","background-type":"","background-media":"","overlay-type":"","overlay-color":"","overlay-gradient":""}},"ast-content-background-meta":{"desktop":{"background-color":"var(--ast-global-color-5)","background-image":"","background-repeat":"repeat","background-position":"center center","background-size":"auto","background-attachment":"scroll","background-type":"","background-media":"","overlay-type":"","overlay-color":"","overlay-gradient":""},"tablet":{"background-color":"var(--ast-global-color-5)","background-image":"","background-repeat":"repeat","background-position":"center center","background-size":"auto","background-attachment":"scroll","background-type":"","background-media":"","overlay-type":"","overlay-color":"","overlay-gradient":""},"mobile":{"background-color":"var(--ast-global-color-5)","background-image":"","background-repeat":"repeat","background-position":"center center","background-size":"auto","background-attachment":"scroll","background-type":"","background-media":"","overlay-type":"","overlay-color":"","overlay-gradient":""}},"footnotes":""},"categories":[2],"tags":[239,151,243,213],"class_list":["post-125550","post","type-post","status-publish","format-standard","has-post-thumbnail","hentry","category-cursos-de-idiomas-no-exterior","tag-college-no-canada","tag-programas-de-intercambio","tag-universidade-no-canada","tag-visto-de-estudante"],"yoast_head":"<!-- This site is optimized with the Yoast SEO plugin v27.2 - https:\/\/yoast.com\/product\/yoast-seo-wordpress\/ -->\n<title>P\u00f3s Gradua\u00e7\u00e3o e Cursos Profissionalizantes do Canad\u00e1 em 2022 e 2023<\/title>\n<meta name=\"description\" content=\"P\u00f3s Gradua\u00e7\u00e3o e Cursos Profissionalizantes do Canad\u00e1 em 2022 e 2023. Confira a lista de cursos dispon\u00edveis em Vancouver\" \/>\n<meta name=\"robots\" content=\"index, follow, max-snippet:-1, max-image-preview:large, max-video-preview:-1\" \/>\n<link rel=\"canonical\" href=\"https:\/\/staging.bil.com.br\/blog\/pos-graduacao-canada-vancouver-cursos-profissionalizantes\/\" \/>\n<meta property=\"og:locale\" content=\"pt_BR\" \/>\n<meta property=\"og:type\" content=\"article\" \/>\n<meta property=\"og:title\" content=\"P\u00f3s Gradua\u00e7\u00e3o e Cursos Profissionalizantes do Canad\u00e1 em 2022 e 2023\" \/>\n<meta property=\"og:description\" content=\"P\u00f3s Gradua\u00e7\u00e3o e Cursos Profissionalizantes do Canad\u00e1 em 2022 e 2023. Confira a lista de cursos dispon\u00edveis em Vancouver\" \/>\n<meta property=\"og:url\" content=\"https:\/\/staging.bil.com.br\/blog\/pos-graduacao-canada-vancouver-cursos-profissionalizantes\/\" \/>\n<meta property=\"og:site_name\" content=\"Blog - BIL Interc\u00e2mbios e Turismo\" \/>\n<meta property=\"article:publisher\" content=\"https:\/\/www.facebook.com\/bilintercambios\" \/>\n<meta property=\"article:published_time\" content=\"2021-07-07T12:23:02+00:00\" \/>\n<meta property=\"article:modified_time\" content=\"2021-07-07T13:46:20+00:00\" \/>\n<meta property=\"og:image\" content=\"https:\/\/staging.bil.com.br\/blog\/wp-content\/uploads\/2021\/07\/topo-pos-vancouver.png\" \/>\n\t<meta property=\"og:image:width\" content=\"1024\" \/>\n\t<meta property=\"og:image:height\" content=\"420\" \/>\n\t<meta property=\"og:image:type\" content=\"image\/png\" \/>\n<meta name=\"author\" content=\"BIL Interc\u00e2mbios\" \/>\n<meta name=\"twitter:card\" content=\"summary_large_image\" \/>\n<meta name=\"twitter:creator\" content=\"@bilintercambios\" \/>\n<meta name=\"twitter:site\" content=\"@bilintercambios\" \/>\n<meta name=\"twitter:label1\" content=\"Escrito por\" \/>\n\t<meta name=\"twitter:data1\" content=\"BIL Interc\u00e2mbios\" \/>\n\t<meta name=\"twitter:label2\" content=\"Est. tempo de leitura\" \/>\n\t<meta name=\"twitter:data2\" content=\"2 minutos\" \/>\n<script type=\"application\/ld+json\" class=\"yoast-schema-graph\">{\"@context\":\"https:\/\/schema.org\",\"@graph\":[{\"@type\":\"Article\",\"@id\":\"https:\/\/staging.bil.com.br\/blog\/pos-graduacao-canada-vancouver-cursos-profissionalizantes\/#article\",\"isPartOf\":{\"@id\":\"https:\/\/staging.bil.com.br\/blog\/pos-graduacao-canada-vancouver-cursos-profissionalizantes\/\"},\"author\":{\"name\":\"BIL Interc\u00e2mbios\",\"@id\":\"https:\/\/staging.bil.com.br\/blog\/#\/schema\/person\/4e0c9918f37f148b1e0c534ef0963d92\"},\"headline\":\"P\u00f3s Gradua\u00e7\u00e3o e Cursos Profissionalizantes no Canad\u00e1 em 2022 e 2023.\",\"datePublished\":\"2021-07-07T12:23:02+00:00\",\"dateModified\":\"2021-07-07T13:46:20+00:00\",\"mainEntityOfPage\":{\"@id\":\"https:\/\/staging.bil.com.br\/blog\/pos-graduacao-canada-vancouver-cursos-profissionalizantes\/\"},\"wordCount\":358,\"commentCount\":0,\"publisher\":{\"@id\":\"https:\/\/staging.bil.com.br\/blog\/#organization\"},\"image\":{\"@id\":\"https:\/\/staging.bil.com.br\/blog\/pos-graduacao-canada-vancouver-cursos-profissionalizantes\/#primaryimage\"},\"thumbnailUrl\":\"https:\/\/staging.bil.com.br\/blog\/wp-content\/uploads\/2021\/07\/topo-pos-vancouver.png\",\"keywords\":[\"College no Canad\u00e1\",\"programas de interc\u00e2mbio\",\"Universidade no Canad\u00e1\",\"visto de estudante\"],\"articleSection\":[\"Cursos de Idiomas no Exterior\"],\"inLanguage\":\"pt-BR\",\"potentialAction\":[{\"@type\":\"CommentAction\",\"name\":\"Comment\",\"target\":[\"https:\/\/staging.bil.com.br\/blog\/pos-graduacao-canada-vancouver-cursos-profissionalizantes\/#respond\"]}]},{\"@type\":\"WebPage\",\"@id\":\"https:\/\/staging.bil.com.br\/blog\/pos-graduacao-canada-vancouver-cursos-profissionalizantes\/\",\"url\":\"https:\/\/staging.bil.com.br\/blog\/pos-graduacao-canada-vancouver-cursos-profissionalizantes\/\",\"name\":\"P\u00f3s Gradua\u00e7\u00e3o e Cursos Profissionalizantes do Canad\u00e1 em 2022 e 2023\",\"isPartOf\":{\"@id\":\"https:\/\/staging.bil.com.br\/blog\/#website\"},\"primaryImageOfPage\":{\"@id\":\"https:\/\/staging.bil.com.br\/blog\/pos-graduacao-canada-vancouver-cursos-profissionalizantes\/#primaryimage\"},\"image\":{\"@id\":\"https:\/\/staging.bil.com.br\/blog\/pos-graduacao-canada-vancouver-cursos-profissionalizantes\/#primaryimage\"},\"thumbnailUrl\":\"https:\/\/staging.bil.com.br\/blog\/wp-content\/uploads\/2021\/07\/topo-pos-vancouver.png\",\"datePublished\":\"2021-07-07T12:23:02+00:00\",\"dateModified\":\"2021-07-07T13:46:20+00:00\",\"description\":\"P\u00f3s Gradua\u00e7\u00e3o e Cursos Profissionalizantes do Canad\u00e1 em 2022 e 2023. Confira a lista de cursos dispon\u00edveis em Vancouver\",\"breadcrumb\":{\"@id\":\"https:\/\/staging.bil.com.br\/blog\/pos-graduacao-canada-vancouver-cursos-profissionalizantes\/#breadcrumb\"},\"inLanguage\":\"pt-BR\",\"potentialAction\":[{\"@type\":\"ReadAction\",\"target\":[\"https:\/\/staging.bil.com.br\/blog\/pos-graduacao-canada-vancouver-cursos-profissionalizantes\/\"]}]},{\"@type\":\"ImageObject\",\"inLanguage\":\"pt-BR\",\"@id\":\"https:\/\/staging.bil.com.br\/blog\/pos-graduacao-canada-vancouver-cursos-profissionalizantes\/#primaryimage\",\"url\":\"https:\/\/staging.bil.com.br\/blog\/wp-content\/uploads\/2021\/07\/topo-pos-vancouver.png\",\"contentUrl\":\"https:\/\/staging.bil.com.br\/blog\/wp-content\/uploads\/2021\/07\/topo-pos-vancouver.png\",\"width\":1024,\"height\":420},{\"@type\":\"BreadcrumbList\",\"@id\":\"https:\/\/staging.bil.com.br\/blog\/pos-graduacao-canada-vancouver-cursos-profissionalizantes\/#breadcrumb\",\"itemListElement\":[{\"@type\":\"ListItem\",\"position\":1,\"name\":\"In\u00edcio\",\"item\":\"https:\/\/staging.bil.com.br\/blog\/\"},{\"@type\":\"ListItem\",\"position\":2,\"name\":\"P\u00f3s Gradua\u00e7\u00e3o e Cursos Profissionalizantes no Canad\u00e1 em 2022 e 2023.\"}]},{\"@type\":\"WebSite\",\"@id\":\"https:\/\/staging.bil.com.br\/blog\/#website\",\"url\":\"https:\/\/staging.bil.com.br\/blog\/\",\"name\":\"Blog - Bil Interc\u00e2mbios e Turismo\",\"description\":\"Blog oficial da BIL Interc\u00e2mbios. Somos uma ag\u00eancia de interc\u00e2mbios e operadora de turismo. Desde 1985 levando jovens ao exterior. Cursos longos e cursos de f\u00e9rias e programas de interc\u00e2mbio para todas as idades.\",\"publisher\":{\"@id\":\"https:\/\/staging.bil.com.br\/blog\/#organization\"},\"potentialAction\":[{\"@type\":\"SearchAction\",\"target\":{\"@type\":\"EntryPoint\",\"urlTemplate\":\"https:\/\/staging.bil.com.br\/blog\/?s={search_term_string}\"},\"query-input\":{\"@type\":\"PropertyValueSpecification\",\"valueRequired\":true,\"valueName\":\"search_term_string\"}}],\"inLanguage\":\"pt-BR\"},{\"@type\":\"Organization\",\"@id\":\"https:\/\/staging.bil.com.br\/blog\/#organization\",\"name\":\"BIL Interc\u00e2mbios & Turismo\",\"url\":\"https:\/\/staging.bil.com.br\/blog\/\",\"logo\":{\"@type\":\"ImageObject\",\"inLanguage\":\"pt-BR\",\"@id\":\"https:\/\/staging.bil.com.br\/blog\/#\/schema\/logo\/image\/\",\"url\":\"\",\"contentUrl\":\"\",\"caption\":\"BIL Interc\u00e2mbios & Turismo\"},\"image\":{\"@id\":\"https:\/\/staging.bil.com.br\/blog\/#\/schema\/logo\/image\/\"},\"sameAs\":[\"https:\/\/www.facebook.com\/bilintercambios\",\"https:\/\/x.com\/bilintercambios\",\"https:\/\/www.instagram.com\/bilintercambios\/\",\"https:\/\/www.linkedin.com\/company\/bil-interc-mbios\",\"https:\/\/www.youtube.com\/channel\/UCvKk5_ODgCq7D2oz2nt4BNQ\"]},{\"@type\":\"Person\",\"@id\":\"https:\/\/staging.bil.com.br\/blog\/#\/schema\/person\/4e0c9918f37f148b1e0c534ef0963d92\",\"name\":\"BIL Interc\u00e2mbios\",\"image\":{\"@type\":\"ImageObject\",\"inLanguage\":\"pt-BR\",\"@id\":\"https:\/\/secure.gravatar.com\/avatar\/33936bb89626befe5d92fc935c880ed73090af1a29e4008103a12b79b04e5972?s=96&d=mm&r=g\",\"url\":\"https:\/\/secure.gravatar.com\/avatar\/33936bb89626befe5d92fc935c880ed73090af1a29e4008103a12b79b04e5972?s=96&d=mm&r=g\",\"contentUrl\":\"https:\/\/secure.gravatar.com\/avatar\/33936bb89626befe5d92fc935c880ed73090af1a29e4008103a12b79b04e5972?s=96&d=mm&r=g\",\"caption\":\"BIL Interc\u00e2mbios\"},\"sameAs\":[\"http:\/\/www.bil.com.br\"]}]}<\/script>\n<!-- \/ Yoast SEO plugin. -->","yoast_head_json":{"title":"P\u00f3s Gradua\u00e7\u00e3o e Cursos Profissionalizantes do Canad\u00e1 em 2022 e 2023","description":"P\u00f3s Gradua\u00e7\u00e3o e Cursos Profissionalizantes do Canad\u00e1 em 2022 e 2023. Confira a lista de cursos dispon\u00edveis em Vancouver","robots":{"index":"index","follow":"follow","max-snippet":"max-snippet:-1","max-image-preview":"max-image-preview:large","max-video-preview":"max-video-preview:-1"},"canonical":"https:\/\/staging.bil.com.br\/blog\/pos-graduacao-canada-vancouver-cursos-profissionalizantes\/","og_locale":"pt_BR","og_type":"article","og_title":"P\u00f3s Gradua\u00e7\u00e3o e Cursos Profissionalizantes do Canad\u00e1 em 2022 e 2023","og_description":"P\u00f3s Gradua\u00e7\u00e3o e Cursos Profissionalizantes do Canad\u00e1 em 2022 e 2023. Confira a lista de cursos dispon\u00edveis em Vancouver","og_url":"https:\/\/staging.bil.com.br\/blog\/pos-graduacao-canada-vancouver-cursos-profissionalizantes\/","og_site_name":"Blog - BIL Interc\u00e2mbios e Turismo","article_publisher":"https:\/\/www.facebook.com\/bilintercambios","article_published_time":"2021-07-07T12:23:02+00:00","article_modified_time":"2021-07-07T13:46:20+00:00","og_image":[{"width":1024,"height":420,"url":"https:\/\/staging.bil.com.br\/blog\/wp-content\/uploads\/2021\/07\/topo-pos-vancouver.png","type":"image\/png"}],"author":"BIL Interc\u00e2mbios","twitter_card":"summary_large_image","twitter_creator":"@bilintercambios","twitter_site":"@bilintercambios","twitter_misc":{"Escrito por":"BIL Interc\u00e2mbios","Est. tempo de leitura":"2 minutos"},"schema":{"@context":"https:\/\/schema.org","@graph":[{"@type":"Article","@id":"https:\/\/staging.bil.com.br\/blog\/pos-graduacao-canada-vancouver-cursos-profissionalizantes\/#article","isPartOf":{"@id":"https:\/\/staging.bil.com.br\/blog\/pos-graduacao-canada-vancouver-cursos-profissionalizantes\/"},"author":{"name":"BIL Interc\u00e2mbios","@id":"https:\/\/staging.bil.com.br\/blog\/#\/schema\/person\/4e0c9918f37f148b1e0c534ef0963d92"},"headline":"P\u00f3s Gradua\u00e7\u00e3o e Cursos Profissionalizantes no Canad\u00e1 em 2022 e 2023.","datePublished":"2021-07-07T12:23:02+00:00","dateModified":"2021-07-07T13:46:20+00:00","mainEntityOfPage":{"@id":"https:\/\/staging.bil.com.br\/blog\/pos-graduacao-canada-vancouver-cursos-profissionalizantes\/"},"wordCount":358,"commentCount":0,"publisher":{"@id":"https:\/\/staging.bil.com.br\/blog\/#organization"},"image":{"@id":"https:\/\/staging.bil.com.br\/blog\/pos-graduacao-canada-vancouver-cursos-profissionalizantes\/#primaryimage"},"thumbnailUrl":"https:\/\/staging.bil.com.br\/blog\/wp-content\/uploads\/2021\/07\/topo-pos-vancouver.png","keywords":["College no Canad\u00e1","programas de interc\u00e2mbio","Universidade no Canad\u00e1","visto de estudante"],"articleSection":["Cursos de Idiomas no Exterior"],"inLanguage":"pt-BR","potentialAction":[{"@type":"CommentAction","name":"Comment","target":["https:\/\/staging.bil.com.br\/blog\/pos-graduacao-canada-vancouver-cursos-profissionalizantes\/#respond"]}]},{"@type":"WebPage","@id":"https:\/\/staging.bil.com.br\/blog\/pos-graduacao-canada-vancouver-cursos-profissionalizantes\/","url":"https:\/\/staging.bil.com.br\/blog\/pos-graduacao-canada-vancouver-cursos-profissionalizantes\/","name":"P\u00f3s Gradua\u00e7\u00e3o e Cursos Profissionalizantes do Canad\u00e1 em 2022 e 2023","isPartOf":{"@id":"https:\/\/staging.bil.com.br\/blog\/#website"},"primaryImageOfPage":{"@id":"https:\/\/staging.bil.com.br\/blog\/pos-graduacao-canada-vancouver-cursos-profissionalizantes\/#primaryimage"},"image":{"@id":"https:\/\/staging.bil.com.br\/blog\/pos-graduacao-canada-vancouver-cursos-profissionalizantes\/#primaryimage"},"thumbnailUrl":"https:\/\/staging.bil.com.br\/blog\/wp-content\/uploads\/2021\/07\/topo-pos-vancouver.png","datePublished":"2021-07-07T12:23:02+00:00","dateModified":"2021-07-07T13:46:20+00:00","description":"P\u00f3s Gradua\u00e7\u00e3o e Cursos Profissionalizantes do Canad\u00e1 em 2022 e 2023. Confira a lista de cursos dispon\u00edveis em Vancouver","breadcrumb":{"@id":"https:\/\/staging.bil.com.br\/blog\/pos-graduacao-canada-vancouver-cursos-profissionalizantes\/#breadcrumb"},"inLanguage":"pt-BR","potentialAction":[{"@type":"ReadAction","target":["https:\/\/staging.bil.com.br\/blog\/pos-graduacao-canada-vancouver-cursos-profissionalizantes\/"]}]},{"@type":"ImageObject","inLanguage":"pt-BR","@id":"https:\/\/staging.bil.com.br\/blog\/pos-graduacao-canada-vancouver-cursos-profissionalizantes\/#primaryimage","url":"https:\/\/staging.bil.com.br\/blog\/wp-content\/uploads\/2021\/07\/topo-pos-vancouver.png","contentUrl":"https:\/\/staging.bil.com.br\/blog\/wp-content\/uploads\/2021\/07\/topo-pos-vancouver.png","width":1024,"height":420},{"@type":"BreadcrumbList","@id":"https:\/\/staging.bil.com.br\/blog\/pos-graduacao-canada-vancouver-cursos-profissionalizantes\/#breadcrumb","itemListElement":[{"@type":"ListItem","position":1,"name":"In\u00edcio","item":"https:\/\/staging.bil.com.br\/blog\/"},{"@type":"ListItem","position":2,"name":"P\u00f3s Gradua\u00e7\u00e3o e Cursos Profissionalizantes no Canad\u00e1 em 2022 e 2023."}]},{"@type":"WebSite","@id":"https:\/\/staging.bil.com.br\/blog\/#website","url":"https:\/\/staging.bil.com.br\/blog\/","name":"Blog - Bil Interc\u00e2mbios e Turismo","description":"Blog oficial da BIL Interc\u00e2mbios. Somos uma ag\u00eancia de interc\u00e2mbios e operadora de turismo. Desde 1985 levando jovens ao exterior. Cursos longos e cursos de f\u00e9rias e programas de interc\u00e2mbio para todas as idades.","publisher":{"@id":"https:\/\/staging.bil.com.br\/blog\/#organization"},"potentialAction":[{"@type":"SearchAction","target":{"@type":"EntryPoint","urlTemplate":"https:\/\/staging.bil.com.br\/blog\/?s={search_term_string}"},"query-input":{"@type":"PropertyValueSpecification","valueRequired":true,"valueName":"search_term_string"}}],"inLanguage":"pt-BR"},{"@type":"Organization","@id":"https:\/\/staging.bil.com.br\/blog\/#organization","name":"BIL Interc\u00e2mbios & Turismo","url":"https:\/\/staging.bil.com.br\/blog\/","logo":{"@type":"ImageObject","inLanguage":"pt-BR","@id":"https:\/\/staging.bil.com.br\/blog\/#\/schema\/logo\/image\/","url":"","contentUrl":"","caption":"BIL Interc\u00e2mbios & Turismo"},"image":{"@id":"https:\/\/staging.bil.com.br\/blog\/#\/schema\/logo\/image\/"},"sameAs":["https:\/\/www.facebook.com\/bilintercambios","https:\/\/x.com\/bilintercambios","https:\/\/www.instagram.com\/bilintercambios\/","https:\/\/www.linkedin.com\/company\/bil-interc-mbios","https:\/\/www.youtube.com\/channel\/UCvKk5_ODgCq7D2oz2nt4BNQ"]},{"@type":"Person","@id":"https:\/\/staging.bil.com.br\/blog\/#\/schema\/person\/4e0c9918f37f148b1e0c534ef0963d92","name":"BIL Interc\u00e2mbios","image":{"@type":"ImageObject","inLanguage":"pt-BR","@id":"https:\/\/secure.gravatar.com\/avatar\/33936bb89626befe5d92fc935c880ed73090af1a29e4008103a12b79b04e5972?s=96&d=mm&r=g","url":"https:\/\/secure.gravatar.com\/avatar\/33936bb89626befe5d92fc935c880ed73090af1a29e4008103a12b79b04e5972?s=96&d=mm&r=g","contentUrl":"https:\/\/secure.gravatar.com\/avatar\/33936bb89626befe5d92fc935c880ed73090af1a29e4008103a12b79b04e5972?s=96&d=mm&r=g","caption":"BIL Interc\u00e2mbios"},"sameAs":["http:\/\/www.bil.com.br"]}]}},"_links":{"self":[{"href":"https:\/\/staging.bil.com.br\/blog\/wp-json\/wp\/v2\/posts\/125550","targetHints":{"allow":["GET"]}}],"collection":[{"href":"https:\/\/staging.bil.com.br\/blog\/wp-json\/wp\/v2\/posts"}],"about":[{"href":"https:\/\/staging.bil.com.br\/blog\/wp-json\/wp\/v2\/types\/post"}],"author":[{"embeddable":true,"href":"https:\/\/staging.bil.com.br\/blog\/wp-json\/wp\/v2\/users\/1"}],"replies":[{"embeddable":true,"href":"https:\/\/staging.bil.com.br\/blog\/wp-json\/wp\/v2\/comments?post=125550"}],"version-history":[{"count":0,"href":"https:\/\/staging.bil.com.br\/blog\/wp-json\/wp\/v2\/posts\/125550\/revisions"}],"wp:featuredmedia":[{"embeddable":true,"href":"https:\/\/staging.bil.com.br\/blog\/wp-json\/wp\/v2\/media\/125552"}],"wp:attachment":[{"href":"https:\/\/staging.bil.com.br\/blog\/wp-json\/wp\/v2\/media?parent=125550"}],"wp:term":[{"taxonomy":"category","embeddable":true,"href":"https:\/\/staging.bil.com.br\/blog\/wp-json\/wp\/v2\/categories?post=125550"},{"taxonomy":"post_tag","embeddable":true,"href":"https:\/\/staging.bil.com.br\/blog\/wp-json\/wp\/v2\/tags?post=125550"}],"curies":[{"name":"wp","href":"https:\/\/api.w.org\/{rel}","templated":true}]}}