{"id":1287,"date":"2015-06-22T19:08:57","date_gmt":"2015-06-22T19:08:57","guid":{"rendered":"https:\/\/staging.bil.com.br\/blog\/?p=1287"},"modified":"2020-02-28T14:09:19","modified_gmt":"2020-02-28T14:09:19","slug":"mirante-do-novo-world-trade-center-abre-ao-publico","status":"publish","type":"post","link":"https:\/\/staging.bil.com.br\/blog\/mirante-do-novo-world-trade-center-abre-ao-publico\/","title":{"rendered":"Mirante do novo World Trade Center abre ao p\u00fablico"},"content":{"rendered":"<p>&nbsp;<\/p>\n<div class=\"ast-oembed-container \" style=\"height: 100%;\"><iframe title=\"Come Start at One. See Forever. One World Observatory. Now Open.\" width=\"500\" height=\"281\" src=\"https:\/\/www.youtube.com\/embed\/AYAgmvRWYSE?feature=oembed\" frameborder=\"0\" allow=\"accelerometer; autoplay; clipboard-write; encrypted-media; gyroscope; picture-in-picture; web-share\" referrerpolicy=\"strict-origin-when-cross-origin\" allowfullscreen><\/iframe><\/div>\n<p>O mirante do edif\u00edcio One World Trade Center, constru\u00eddo no terreno onde ficavam as Torres G\u00eameas em Nova York derrubadas em um atentado 14 anos atr\u00e1s, abriu ao p\u00fablico nesta sexta-feira (29).<\/p>\n<p>Logo antes de o p\u00fablico entrar, executivos da empresas respons\u00e1vel pelo mirante cortaram a faixa inaugurar em uma cerim\u00f4nia, relata a ag\u00eancia Reuters (veja v\u00eddeo acima).<\/p>\n<p>O mirante fica a 381,25 metros de altura e oferece uma vista impressionante de Manhattan, do Brooklyn e de Nova Jersey. Ele ocupa tr\u00eas andares: come\u00e7a no 100\u00b0, segue no 101\u00b0 e no 102\u00b0.<\/p>\n<div class=\"foto componente_materia midia-largura-620\">\n<figure style=\"width: 620px\" class=\"wp-caption aligncenter\"><img fetchpriority=\"high\" decoding=\"async\" title=\"Turistas observam p\u00f4r do sol no mirante do novo World Trade Center, no dia de sua inaugura\u00e7\u00e3o (Foto: Spencer Platt\/Getty Images\/AFP )\" src=\"http:\/\/s2.glbimg.com\/X2FeHb6jFdGNkGH65BOntadeYfw=\/s.glbimg.com\/jo\/g1\/f\/original\/2015\/05\/29\/063_475095186.jpg\" alt=\"Turistas observam p\u00f4r do sol no mirante do novo World Trade Center, no dia de sua inaugura\u00e7\u00e3o (Foto: Spencer Platt\/Getty Images\/AFP )\" width=\"620\" height=\"413\" \/><figcaption class=\"wp-caption-text\">Turistas observam o nascer do sol no mirante do novo World Trade Center, no dia de sua inaugura\u00e7\u00e3o (Foto: Spencer Platt\/Getty Images\/AFP )<\/figcaption><\/figure>\n<\/div>\n<p>Segundo a ag\u00eancia EFE, uma empresa privada investiu US$ 85 milh\u00f5es na constru\u00e7\u00e3o da atra\u00e7\u00e3o, que fica nos \u00faltimos andares do edif\u00edcio mais alto do hemisf\u00e9rio ocidental.<\/p>\n<p>O mirante tem janelas de vidro do ch\u00e3o at\u00e9 o teto que oferecem uma vista impressionante de Manhattan, Long Island, Nova Jersey e do Atl\u00e2ntico. Os visitantes podem observar a paisagem a uma dist\u00e2ncia de mais de 80 km, quando as condi\u00e7\u00f5es meteorol\u00f3gicas permitem.<\/p>\n<p><strong>Elevador ultraveloz<\/strong><\/p>\n<div class=\"foto componente_materia midia-largura-620\">\n<figure style=\"width: 620px\" class=\"wp-caption aligncenter\"><img decoding=\"async\" title=\"Proje\u00e7\u00e3o de v\u00eddeo mostrada no elevador que leva ao mirante do One World Trade Center (Foto: Mike Segar\/Reuters)\" src=\"http:\/\/s2.glbimg.com\/u-P7aM_i5FKAe_vxrlCBkc4HkHI=\/s.glbimg.com\/jo\/g1\/f\/original\/2015\/05\/20\/2015-05-20t201521z_72376180.jpg\" alt=\"Proje\u00e7\u00e3o de v\u00eddeo mostrada no elevador que leva ao mirante do One World Trade Center (Foto: Mike Segar\/Reuters)\" width=\"620\" height=\"411\" \/><figcaption class=\"wp-caption-text\">Proje\u00e7\u00e3o de v\u00eddeo mostrada no elevador que leva ao mirante do One World Trade Center (Foto: Mike Segar\/Reuters)<\/figcaption><\/figure>\n<\/div>\n<p>Apesar da altura, o elevador leva at\u00e9 o mirante em tempo recorde: o trajeto dura 47 segundos. Dentro dele, os turistas podem ver um v\u00eddeo que simula a vista das janelas e permite ver a evolu\u00e7\u00e3o de Nova York da sua funda\u00e7\u00e3o at\u00e9 a atualidade.<\/p>\n<p>A posi\u00e7\u00e3o estrat\u00e9gica do observat\u00f3rio permite identificar lugares t\u00e3o emblem\u00e1ticos como o Empire State, a ponte do Brooklyn e a Est\u00e1tua da Liberdade. Al\u00e9m disso, o edif\u00edcio, tamb\u00e9m conhecido como Torre da Liberdade, tem a carga simb\u00f3lica de ter sido constru\u00eddo no terreno onde antes ficavam as Torres G\u00eameas.<\/p>\n<div class=\"foto componente_materia midia-largura-620\">\n<figure style=\"width: 620px\" class=\"wp-caption aligncenter\"><img decoding=\"async\" title=\"Visitantes no mirante do One World Trade Center no dia da abertura ao p\u00fablico (Foto: Lucas Jackson\/Reuters)\" src=\"http:\/\/s2.glbimg.com\/iC8chslko2Q17Ve4TP9eowwnLlc=\/s.glbimg.com\/jo\/g1\/f\/original\/2015\/05\/29\/mirante1.jpg\" alt=\"Visitantes no mirante do One World Trade Center no dia da abertura ao p\u00fablico (Foto: Lucas Jackson\/Reuters)\" width=\"620\" height=\"413\" \/><figcaption class=\"wp-caption-text\">Visitantes no mirante do One World Trade Center no dia da abertura ao p\u00fablico (Foto: Lucas Jackson\/Reuters)<\/figcaption><\/figure>\n<\/div>\n<p>Destinada a mostrar o orgulho da recupera\u00e7\u00e3o nova-iorquina ap\u00f3s a trag\u00e9dia, o edif\u00edcio tem 542 metros de altura.<\/p>\n<p>N\u00e3o h\u00e1 uma homenagem \u00e0s cerca de 3 mil v\u00edtimas dos atentados, mas seus familiares e os bombeiros que trabalharam no resgate ganharam entradas para a atra\u00e7\u00e3o.<\/p>\n<p>Na entrada, h\u00e1 um mapa interativo identifica a nacionalidade dos visitantes em tempo real, um v\u00eddeo mostra o processo de constru\u00e7\u00e3o do edif\u00edcio e as vozes dos trabalhadores que o tornaram poss\u00edvel e uma caverna de granito que lembra o principal material da constru\u00e7\u00e3o do edif\u00edcio.<\/p>\n<p>&nbsp;<\/p>\n<blockquote><p>Fonte: <a href=\"http:\/\/g1.globo.com\/turismo-e-viagem\/noticia\/2015\/05\/mirante-do-novo-world-trade-center-abre-ao-publico-veja-video.html\">Globo.com<\/a><\/p><\/blockquote>\n","protected":false},"excerpt":{"rendered":"<p>&nbsp; O mirante do edif\u00edcio One World Trade Center, constru\u00eddo no terreno onde ficavam as Torres G\u00eameas em Nova York [&hellip;]<\/p>\n","protected":false},"author":1,"featured_media":1288,"comment_status":"open","ping_status":"open","sticky":false,"template":"","format":"standard","meta":{"_uf_show_specific_survey":0,"_uf_disable_surveys":false,"site-sidebar-layout":"default","site-content-layout":"","ast-site-content-layout":"","site-content-style":"default","site-sidebar-style":"default","ast-global-header-display":"","ast-banner-title-visibility":"","ast-main-header-display":"","ast-hfb-above-header-display":"","ast-hfb-below-header-display":"","ast-hfb-mobile-header-display":"","site-post-title":"","ast-breadcrumbs-content":"","ast-featured-img":"","footer-sml-layout":"","theme-transparent-header-meta":"","adv-header-id-meta":"","stick-header-meta":"","header-above-stick-meta":"","header-main-stick-meta":"","header-below-stick-meta":"","astra-migrate-meta-layouts":"default","ast-page-background-enabled":"default","ast-page-background-meta":{"desktop":{"background-color":"var(--ast-global-color-4)","background-image":"","background-repeat":"repeat","background-position":"center center","background-size":"auto","background-attachment":"scroll","background-type":"","background-media":"","overlay-type":"","overlay-color":"","overlay-gradient":""},"tablet":{"background-color":"","background-image":"","background-repeat":"repeat","background-position":"center center","background-size":"auto","background-attachment":"scroll","background-type":"","background-media":"","overlay-type":"","overlay-color":"","overlay-gradient":""},"mobile":{"background-color":"","background-image":"","background-repeat":"repeat","background-position":"center center","background-size":"auto","background-attachment":"scroll","background-type":"","background-media":"","overlay-type":"","overlay-color":"","overlay-gradient":""}},"ast-content-background-meta":{"desktop":{"background-color":"var(--ast-global-color-5)","background-image":"","background-repeat":"repeat","background-position":"center center","background-size":"auto","background-attachment":"scroll","background-type":"","background-media":"","overlay-type":"","overlay-color":"","overlay-gradient":""},"tablet":{"background-color":"var(--ast-global-color-5)","background-image":"","background-repeat":"repeat","background-position":"center center","background-size":"auto","background-attachment":"scroll","background-type":"","background-media":"","overlay-type":"","overlay-color":"","overlay-gradient":""},"mobile":{"background-color":"var(--ast-global-color-5)","background-image":"","background-repeat":"repeat","background-position":"center center","background-size":"auto","background-attachment":"scroll","background-type":"","background-media":"","overlay-type":"","overlay-color":"","overlay-gradient":""}},"footnotes":""},"categories":[11],"tags":[],"class_list":["post-1287","post","type-post","status-publish","format-standard","has-post-thumbnail","hentry","category-turismo"],"yoast_head":"<!-- This site is optimized with the Yoast SEO plugin v27.2 - https:\/\/yoast.com\/product\/yoast-seo-wordpress\/ -->\n<title>Mirante do novo World Trade Center abre ao p\u00fablico &#8226; Blog - BIL Interc\u00e2mbios e Turismo<\/title>\n<meta name=\"robots\" content=\"index, follow, max-snippet:-1, max-image-preview:large, max-video-preview:-1\" \/>\n<link rel=\"canonical\" href=\"https:\/\/staging.bil.com.br\/blog\/mirante-do-novo-world-trade-center-abre-ao-publico\/\" \/>\n<meta property=\"og:locale\" content=\"pt_BR\" \/>\n<meta property=\"og:type\" content=\"article\" \/>\n<meta property=\"og:title\" content=\"Mirante do novo World Trade Center abre ao p\u00fablico &#8226; Blog - BIL Interc\u00e2mbios e Turismo\" \/>\n<meta property=\"og:description\" content=\"&nbsp; O mirante do edif\u00edcio One World Trade Center, constru\u00eddo no terreno onde ficavam as Torres G\u00eameas em Nova York [&hellip;]\" \/>\n<meta property=\"og:url\" content=\"https:\/\/staging.bil.com.br\/blog\/mirante-do-novo-world-trade-center-abre-ao-publico\/\" \/>\n<meta property=\"og:site_name\" content=\"Blog - BIL Interc\u00e2mbios e Turismo\" \/>\n<meta property=\"article:publisher\" content=\"https:\/\/www.facebook.com\/bilintercambios\" \/>\n<meta property=\"article:published_time\" content=\"2015-06-22T19:08:57+00:00\" \/>\n<meta property=\"article:modified_time\" content=\"2020-02-28T14:09:19+00:00\" \/>\n<meta property=\"og:image\" content=\"https:\/\/staging.bil.com.br\/blog\/wp-content\/uploads\/2015\/06\/2015-05-20t201521z_723761801.jpg\" \/>\n\t<meta property=\"og:image:width\" content=\"620\" \/>\n\t<meta property=\"og:image:height\" content=\"411\" \/>\n\t<meta property=\"og:image:type\" content=\"image\/jpeg\" \/>\n<meta name=\"author\" content=\"BIL Interc\u00e2mbios\" \/>\n<meta name=\"twitter:card\" content=\"summary_large_image\" \/>\n<meta name=\"twitter:creator\" content=\"@bilintercambios\" \/>\n<meta name=\"twitter:site\" content=\"@bilintercambios\" \/>\n<meta name=\"twitter:label1\" content=\"Escrito por\" \/>\n\t<meta name=\"twitter:data1\" content=\"BIL Interc\u00e2mbios\" \/>\n\t<meta name=\"twitter:label2\" content=\"Est. tempo de leitura\" \/>\n\t<meta name=\"twitter:data2\" content=\"2 minutos\" \/>\n<script type=\"application\/ld+json\" class=\"yoast-schema-graph\">{\"@context\":\"https:\/\/schema.org\",\"@graph\":[{\"@type\":\"Article\",\"@id\":\"https:\/\/staging.bil.com.br\/blog\/mirante-do-novo-world-trade-center-abre-ao-publico\/#article\",\"isPartOf\":{\"@id\":\"https:\/\/staging.bil.com.br\/blog\/mirante-do-novo-world-trade-center-abre-ao-publico\/\"},\"author\":{\"name\":\"BIL Interc\u00e2mbios\",\"@id\":\"https:\/\/staging.bil.com.br\/blog\/#\/schema\/person\/4e0c9918f37f148b1e0c534ef0963d92\"},\"headline\":\"Mirante do novo World Trade Center abre ao p\u00fablico\",\"datePublished\":\"2015-06-22T19:08:57+00:00\",\"dateModified\":\"2020-02-28T14:09:19+00:00\",\"mainEntityOfPage\":{\"@id\":\"https:\/\/staging.bil.com.br\/blog\/mirante-do-novo-world-trade-center-abre-ao-publico\/\"},\"wordCount\":495,\"commentCount\":0,\"publisher\":{\"@id\":\"https:\/\/staging.bil.com.br\/blog\/#organization\"},\"image\":{\"@id\":\"https:\/\/staging.bil.com.br\/blog\/mirante-do-novo-world-trade-center-abre-ao-publico\/#primaryimage\"},\"thumbnailUrl\":\"https:\/\/staging.bil.com.br\/blog\/wp-content\/uploads\/2015\/06\/2015-05-20t201521z_723761801.jpg\",\"articleSection\":[\"Turismo\"],\"inLanguage\":\"pt-BR\",\"potentialAction\":[{\"@type\":\"CommentAction\",\"name\":\"Comment\",\"target\":[\"https:\/\/staging.bil.com.br\/blog\/mirante-do-novo-world-trade-center-abre-ao-publico\/#respond\"]}]},{\"@type\":\"WebPage\",\"@id\":\"https:\/\/staging.bil.com.br\/blog\/mirante-do-novo-world-trade-center-abre-ao-publico\/\",\"url\":\"https:\/\/staging.bil.com.br\/blog\/mirante-do-novo-world-trade-center-abre-ao-publico\/\",\"name\":\"Mirante do novo World Trade Center abre ao p\u00fablico &#8226; Blog - BIL Interc\u00e2mbios e Turismo\",\"isPartOf\":{\"@id\":\"https:\/\/staging.bil.com.br\/blog\/#website\"},\"primaryImageOfPage\":{\"@id\":\"https:\/\/staging.bil.com.br\/blog\/mirante-do-novo-world-trade-center-abre-ao-publico\/#primaryimage\"},\"image\":{\"@id\":\"https:\/\/staging.bil.com.br\/blog\/mirante-do-novo-world-trade-center-abre-ao-publico\/#primaryimage\"},\"thumbnailUrl\":\"https:\/\/staging.bil.com.br\/blog\/wp-content\/uploads\/2015\/06\/2015-05-20t201521z_723761801.jpg\",\"datePublished\":\"2015-06-22T19:08:57+00:00\",\"dateModified\":\"2020-02-28T14:09:19+00:00\",\"breadcrumb\":{\"@id\":\"https:\/\/staging.bil.com.br\/blog\/mirante-do-novo-world-trade-center-abre-ao-publico\/#breadcrumb\"},\"inLanguage\":\"pt-BR\",\"potentialAction\":[{\"@type\":\"ReadAction\",\"target\":[\"https:\/\/staging.bil.com.br\/blog\/mirante-do-novo-world-trade-center-abre-ao-publico\/\"]}]},{\"@type\":\"ImageObject\",\"inLanguage\":\"pt-BR\",\"@id\":\"https:\/\/staging.bil.com.br\/blog\/mirante-do-novo-world-trade-center-abre-ao-publico\/#primaryimage\",\"url\":\"https:\/\/staging.bil.com.br\/blog\/wp-content\/uploads\/2015\/06\/2015-05-20t201521z_723761801.jpg\",\"contentUrl\":\"https:\/\/staging.bil.com.br\/blog\/wp-content\/uploads\/2015\/06\/2015-05-20t201521z_723761801.jpg\",\"width\":620,\"height\":411},{\"@type\":\"BreadcrumbList\",\"@id\":\"https:\/\/staging.bil.com.br\/blog\/mirante-do-novo-world-trade-center-abre-ao-publico\/#breadcrumb\",\"itemListElement\":[{\"@type\":\"ListItem\",\"position\":1,\"name\":\"In\u00edcio\",\"item\":\"https:\/\/staging.bil.com.br\/blog\/\"},{\"@type\":\"ListItem\",\"position\":2,\"name\":\"Mirante do novo World Trade Center abre ao p\u00fablico\"}]},{\"@type\":\"WebSite\",\"@id\":\"https:\/\/staging.bil.com.br\/blog\/#website\",\"url\":\"https:\/\/staging.bil.com.br\/blog\/\",\"name\":\"Blog - Bil Interc\u00e2mbios e Turismo\",\"description\":\"Blog oficial da BIL Interc\u00e2mbios. Somos uma ag\u00eancia de interc\u00e2mbios e operadora de turismo. Desde 1985 levando jovens ao exterior. Cursos longos e cursos de f\u00e9rias e programas de interc\u00e2mbio para todas as idades.\",\"publisher\":{\"@id\":\"https:\/\/staging.bil.com.br\/blog\/#organization\"},\"potentialAction\":[{\"@type\":\"SearchAction\",\"target\":{\"@type\":\"EntryPoint\",\"urlTemplate\":\"https:\/\/staging.bil.com.br\/blog\/?s={search_term_string}\"},\"query-input\":{\"@type\":\"PropertyValueSpecification\",\"valueRequired\":true,\"valueName\":\"search_term_string\"}}],\"inLanguage\":\"pt-BR\"},{\"@type\":\"Organization\",\"@id\":\"https:\/\/staging.bil.com.br\/blog\/#organization\",\"name\":\"BIL Interc\u00e2mbios & Turismo\",\"url\":\"https:\/\/staging.bil.com.br\/blog\/\",\"logo\":{\"@type\":\"ImageObject\",\"inLanguage\":\"pt-BR\",\"@id\":\"https:\/\/staging.bil.com.br\/blog\/#\/schema\/logo\/image\/\",\"url\":\"\",\"contentUrl\":\"\",\"caption\":\"BIL Interc\u00e2mbios & Turismo\"},\"image\":{\"@id\":\"https:\/\/staging.bil.com.br\/blog\/#\/schema\/logo\/image\/\"},\"sameAs\":[\"https:\/\/www.facebook.com\/bilintercambios\",\"https:\/\/x.com\/bilintercambios\",\"https:\/\/www.instagram.com\/bilintercambios\/\",\"https:\/\/www.linkedin.com\/company\/bil-interc-mbios\",\"https:\/\/www.youtube.com\/channel\/UCvKk5_ODgCq7D2oz2nt4BNQ\"]},{\"@type\":\"Person\",\"@id\":\"https:\/\/staging.bil.com.br\/blog\/#\/schema\/person\/4e0c9918f37f148b1e0c534ef0963d92\",\"name\":\"BIL Interc\u00e2mbios\",\"image\":{\"@type\":\"ImageObject\",\"inLanguage\":\"pt-BR\",\"@id\":\"https:\/\/secure.gravatar.com\/avatar\/33936bb89626befe5d92fc935c880ed73090af1a29e4008103a12b79b04e5972?s=96&d=mm&r=g\",\"url\":\"https:\/\/secure.gravatar.com\/avatar\/33936bb89626befe5d92fc935c880ed73090af1a29e4008103a12b79b04e5972?s=96&d=mm&r=g\",\"contentUrl\":\"https:\/\/secure.gravatar.com\/avatar\/33936bb89626befe5d92fc935c880ed73090af1a29e4008103a12b79b04e5972?s=96&d=mm&r=g\",\"caption\":\"BIL Interc\u00e2mbios\"},\"sameAs\":[\"http:\/\/www.bil.com.br\"]}]}<\/script>\n<!-- \/ Yoast SEO plugin. -->","yoast_head_json":{"title":"Mirante do novo World Trade Center abre ao p\u00fablico &#8226; Blog - BIL Interc\u00e2mbios e Turismo","robots":{"index":"index","follow":"follow","max-snippet":"max-snippet:-1","max-image-preview":"max-image-preview:large","max-video-preview":"max-video-preview:-1"},"canonical":"https:\/\/staging.bil.com.br\/blog\/mirante-do-novo-world-trade-center-abre-ao-publico\/","og_locale":"pt_BR","og_type":"article","og_title":"Mirante do novo World Trade Center abre ao p\u00fablico &#8226; Blog - BIL Interc\u00e2mbios e Turismo","og_description":"&nbsp; O mirante do edif\u00edcio One World Trade Center, constru\u00eddo no terreno onde ficavam as Torres G\u00eameas em Nova York [&hellip;]","og_url":"https:\/\/staging.bil.com.br\/blog\/mirante-do-novo-world-trade-center-abre-ao-publico\/","og_site_name":"Blog - BIL Interc\u00e2mbios e Turismo","article_publisher":"https:\/\/www.facebook.com\/bilintercambios","article_published_time":"2015-06-22T19:08:57+00:00","article_modified_time":"2020-02-28T14:09:19+00:00","og_image":[{"width":620,"height":411,"url":"https:\/\/staging.bil.com.br\/blog\/wp-content\/uploads\/2015\/06\/2015-05-20t201521z_723761801.jpg","type":"image\/jpeg"}],"author":"BIL Interc\u00e2mbios","twitter_card":"summary_large_image","twitter_creator":"@bilintercambios","twitter_site":"@bilintercambios","twitter_misc":{"Escrito por":"BIL Interc\u00e2mbios","Est. tempo de leitura":"2 minutos"},"schema":{"@context":"https:\/\/schema.org","@graph":[{"@type":"Article","@id":"https:\/\/staging.bil.com.br\/blog\/mirante-do-novo-world-trade-center-abre-ao-publico\/#article","isPartOf":{"@id":"https:\/\/staging.bil.com.br\/blog\/mirante-do-novo-world-trade-center-abre-ao-publico\/"},"author":{"name":"BIL Interc\u00e2mbios","@id":"https:\/\/staging.bil.com.br\/blog\/#\/schema\/person\/4e0c9918f37f148b1e0c534ef0963d92"},"headline":"Mirante do novo World Trade Center abre ao p\u00fablico","datePublished":"2015-06-22T19:08:57+00:00","dateModified":"2020-02-28T14:09:19+00:00","mainEntityOfPage":{"@id":"https:\/\/staging.bil.com.br\/blog\/mirante-do-novo-world-trade-center-abre-ao-publico\/"},"wordCount":495,"commentCount":0,"publisher":{"@id":"https:\/\/staging.bil.com.br\/blog\/#organization"},"image":{"@id":"https:\/\/staging.bil.com.br\/blog\/mirante-do-novo-world-trade-center-abre-ao-publico\/#primaryimage"},"thumbnailUrl":"https:\/\/staging.bil.com.br\/blog\/wp-content\/uploads\/2015\/06\/2015-05-20t201521z_723761801.jpg","articleSection":["Turismo"],"inLanguage":"pt-BR","potentialAction":[{"@type":"CommentAction","name":"Comment","target":["https:\/\/staging.bil.com.br\/blog\/mirante-do-novo-world-trade-center-abre-ao-publico\/#respond"]}]},{"@type":"WebPage","@id":"https:\/\/staging.bil.com.br\/blog\/mirante-do-novo-world-trade-center-abre-ao-publico\/","url":"https:\/\/staging.bil.com.br\/blog\/mirante-do-novo-world-trade-center-abre-ao-publico\/","name":"Mirante do novo World Trade Center abre ao p\u00fablico &#8226; Blog - BIL Interc\u00e2mbios e Turismo","isPartOf":{"@id":"https:\/\/staging.bil.com.br\/blog\/#website"},"primaryImageOfPage":{"@id":"https:\/\/staging.bil.com.br\/blog\/mirante-do-novo-world-trade-center-abre-ao-publico\/#primaryimage"},"image":{"@id":"https:\/\/staging.bil.com.br\/blog\/mirante-do-novo-world-trade-center-abre-ao-publico\/#primaryimage"},"thumbnailUrl":"https:\/\/staging.bil.com.br\/blog\/wp-content\/uploads\/2015\/06\/2015-05-20t201521z_723761801.jpg","datePublished":"2015-06-22T19:08:57+00:00","dateModified":"2020-02-28T14:09:19+00:00","breadcrumb":{"@id":"https:\/\/staging.bil.com.br\/blog\/mirante-do-novo-world-trade-center-abre-ao-publico\/#breadcrumb"},"inLanguage":"pt-BR","potentialAction":[{"@type":"ReadAction","target":["https:\/\/staging.bil.com.br\/blog\/mirante-do-novo-world-trade-center-abre-ao-publico\/"]}]},{"@type":"ImageObject","inLanguage":"pt-BR","@id":"https:\/\/staging.bil.com.br\/blog\/mirante-do-novo-world-trade-center-abre-ao-publico\/#primaryimage","url":"https:\/\/staging.bil.com.br\/blog\/wp-content\/uploads\/2015\/06\/2015-05-20t201521z_723761801.jpg","contentUrl":"https:\/\/staging.bil.com.br\/blog\/wp-content\/uploads\/2015\/06\/2015-05-20t201521z_723761801.jpg","width":620,"height":411},{"@type":"BreadcrumbList","@id":"https:\/\/staging.bil.com.br\/blog\/mirante-do-novo-world-trade-center-abre-ao-publico\/#breadcrumb","itemListElement":[{"@type":"ListItem","position":1,"name":"In\u00edcio","item":"https:\/\/staging.bil.com.br\/blog\/"},{"@type":"ListItem","position":2,"name":"Mirante do novo World Trade Center abre ao p\u00fablico"}]},{"@type":"WebSite","@id":"https:\/\/staging.bil.com.br\/blog\/#website","url":"https:\/\/staging.bil.com.br\/blog\/","name":"Blog - Bil Interc\u00e2mbios e Turismo","description":"Blog oficial da BIL Interc\u00e2mbios. Somos uma ag\u00eancia de interc\u00e2mbios e operadora de turismo. Desde 1985 levando jovens ao exterior. Cursos longos e cursos de f\u00e9rias e programas de interc\u00e2mbio para todas as idades.","publisher":{"@id":"https:\/\/staging.bil.com.br\/blog\/#organization"},"potentialAction":[{"@type":"SearchAction","target":{"@type":"EntryPoint","urlTemplate":"https:\/\/staging.bil.com.br\/blog\/?s={search_term_string}"},"query-input":{"@type":"PropertyValueSpecification","valueRequired":true,"valueName":"search_term_string"}}],"inLanguage":"pt-BR"},{"@type":"Organization","@id":"https:\/\/staging.bil.com.br\/blog\/#organization","name":"BIL Interc\u00e2mbios & Turismo","url":"https:\/\/staging.bil.com.br\/blog\/","logo":{"@type":"ImageObject","inLanguage":"pt-BR","@id":"https:\/\/staging.bil.com.br\/blog\/#\/schema\/logo\/image\/","url":"","contentUrl":"","caption":"BIL Interc\u00e2mbios & Turismo"},"image":{"@id":"https:\/\/staging.bil.com.br\/blog\/#\/schema\/logo\/image\/"},"sameAs":["https:\/\/www.facebook.com\/bilintercambios","https:\/\/x.com\/bilintercambios","https:\/\/www.instagram.com\/bilintercambios\/","https:\/\/www.linkedin.com\/company\/bil-interc-mbios","https:\/\/www.youtube.com\/channel\/UCvKk5_ODgCq7D2oz2nt4BNQ"]},{"@type":"Person","@id":"https:\/\/staging.bil.com.br\/blog\/#\/schema\/person\/4e0c9918f37f148b1e0c534ef0963d92","name":"BIL Interc\u00e2mbios","image":{"@type":"ImageObject","inLanguage":"pt-BR","@id":"https:\/\/secure.gravatar.com\/avatar\/33936bb89626befe5d92fc935c880ed73090af1a29e4008103a12b79b04e5972?s=96&d=mm&r=g","url":"https:\/\/secure.gravatar.com\/avatar\/33936bb89626befe5d92fc935c880ed73090af1a29e4008103a12b79b04e5972?s=96&d=mm&r=g","contentUrl":"https:\/\/secure.gravatar.com\/avatar\/33936bb89626befe5d92fc935c880ed73090af1a29e4008103a12b79b04e5972?s=96&d=mm&r=g","caption":"BIL Interc\u00e2mbios"},"sameAs":["http:\/\/www.bil.com.br"]}]}},"_links":{"self":[{"href":"https:\/\/staging.bil.com.br\/blog\/wp-json\/wp\/v2\/posts\/1287","targetHints":{"allow":["GET"]}}],"collection":[{"href":"https:\/\/staging.bil.com.br\/blog\/wp-json\/wp\/v2\/posts"}],"about":[{"href":"https:\/\/staging.bil.com.br\/blog\/wp-json\/wp\/v2\/types\/post"}],"author":[{"embeddable":true,"href":"https:\/\/staging.bil.com.br\/blog\/wp-json\/wp\/v2\/users\/1"}],"replies":[{"embeddable":true,"href":"https:\/\/staging.bil.com.br\/blog\/wp-json\/wp\/v2\/comments?post=1287"}],"version-history":[{"count":0,"href":"https:\/\/staging.bil.com.br\/blog\/wp-json\/wp\/v2\/posts\/1287\/revisions"}],"wp:featuredmedia":[{"embeddable":true,"href":"https:\/\/staging.bil.com.br\/blog\/wp-json\/wp\/v2\/media\/1288"}],"wp:attachment":[{"href":"https:\/\/staging.bil.com.br\/blog\/wp-json\/wp\/v2\/media?parent=1287"}],"wp:term":[{"taxonomy":"category","embeddable":true,"href":"https:\/\/staging.bil.com.br\/blog\/wp-json\/wp\/v2\/categories?post=1287"},{"taxonomy":"post_tag","embeddable":true,"href":"https:\/\/staging.bil.com.br\/blog\/wp-json\/wp\/v2\/tags?post=1287"}],"curies":[{"name":"wp","href":"https:\/\/api.w.org\/{rel}","templated":true}]}}