{"id":1397,"date":"2016-02-09T00:01:54","date_gmt":"2016-02-09T00:01:54","guid":{"rendered":"https:\/\/staging.bil.com.br\/blog\/?p=1397"},"modified":"2020-02-28T14:11:44","modified_gmt":"2020-02-28T14:11:44","slug":"menor-de-idade-vai-viajar-desacompanhado-dos-pais-confira-a-papelada-que-devera-preparar","status":"publish","type":"post","link":"https:\/\/staging.bil.com.br\/blog\/menor-de-idade-vai-viajar-desacompanhado-dos-pais-confira-a-papelada-que-devera-preparar\/","title":{"rendered":"Menor de idade vai viajar desacompanhado dos pais? Confira a papelada que dever\u00e1 preparar."},"content":{"rendered":"<p>Quando um menor de idade vai viajar desacompanhado dos pais e\/ou respons\u00e1veis tanto para viagens dentro do Brasil ou fora \u00e9 preciso se certificar que estar\u00e1 com toda a documenta\u00e7\u00e3o espec\u00edfica para n\u00e3o enfrentar problemas na hora do embarque. Confira a abaixo.<\/p>\n<h2><u>Viagens no Brasil <\/u><\/h2>\n<p>&#8211; RG ou certid\u00e3o de nascimento: o menor de idade dever\u00e1 portar o documento original ou c\u00f3pia autenticada, mas tem que estar leg\u00edvel\/n\u00e3o danificado e v\u00e1lido (no caso do RG).<\/p>\n<p>&#8211; Autoriza\u00e7\u00e3o da Vara da Inf\u00e2ncia e da Juventude: esta somente \u00e9 necess\u00e1ria se a crian\u00e7a tiver entre 2 a 11 anos e estiver viajando sem os pais ou sem nenhum parente. No caso de estar vijando com irm\u00e3os, av\u00f3s e tios maiores de idade n\u00e3o \u00e9 necess\u00e1rio, mas este parentesco tem que ser comprovado com a certid\u00e3o de nascimento ou outros documentos.<\/p>\n<p>Note: menores de idade entre 12 a 17 anos n\u00e3o precisam de formul\u00e1rio de autoriza\u00e7\u00e3o, basta apresentar documento de identifica\u00e7\u00e3o como o RG.<\/p>\n<p><img decoding=\"async\" class=\"aligncenter size-medium wp-image-1418\" src=\"https:\/\/staging.bil.com.br\/blog\/wp-content\/uploads\/2016\/02\/rg1-300x158.jpg\" alt=\"rg[1]\" width=\"300\" height=\"158\" srcset=\"https:\/\/staging.bil.com.br\/blog\/wp-content\/uploads\/2016\/02\/rg1-300x158.jpg 300w, https:\/\/staging.bil.com.br\/blog\/wp-content\/uploads\/2016\/02\/rg1-768x403.jpg 768w, https:\/\/staging.bil.com.br\/blog\/wp-content\/uploads\/2016\/02\/rg1-1024x538.jpg 1024w, https:\/\/staging.bil.com.br\/blog\/wp-content\/uploads\/2016\/02\/rg1-952x500.jpg 952w, https:\/\/staging.bil.com.br\/blog\/wp-content\/uploads\/2016\/02\/rg1.jpg 1200w\" sizes=\"(max-width: 300px) 100vw, 300px\" \/><\/p>\n<p>&nbsp;<\/p>\n<h2><u>Viagens internacionais<\/u><\/h2>\n<p>&#8211; Passaporte \u2013 original e com validade com pelo menos 6 meses da data de retorno.<\/p>\n<p>&#8211; Formul\u00e1rio padr\u00e3o de autoriza\u00e7\u00e3o de viagem internacional \u2013 este \u00e9 um documento que deve ser assinado pelos respons\u00e1veis, com firma reconhecida em cart\u00f3rio. Basta baix\u00e1-lo site da pol\u00edcia federal, imprimir, assinar e levar ao cart\u00f3rio, mas aten\u00e7\u00e3o este documento deve ser feito em duas vias, isto porque uma ser\u00e1 retida no Brasil quando o menor de idade passar pela pol\u00edcia federal e a outra dever\u00e1 permanecer com o menor de idade.<\/p>\n<p>&#8211; documento que comprove a filia\u00e7\u00e3o &#8211; RG ou a certid\u00e3o de nascimento. O novo modelo de passaporte j\u00e1 vem com a filia\u00e7\u00e3o, ent\u00e3o dispensa documento extra.<\/p>\n<p>&#8211; Atestado de \u00f3bito no caso de falecimento de um dos pais- original<\/p>\n<p><img fetchpriority=\"high\" decoding=\"async\" class=\"aligncenter wp-image-1417 size-medium\" src=\"https:\/\/staging.bil.com.br\/blog\/wp-content\/uploads\/2016\/02\/Passaporte_Mercosul1-300x200.jpg\" alt=\"Passaporte_Mercosul[1]\" width=\"300\" height=\"200\" srcset=\"https:\/\/staging.bil.com.br\/blog\/wp-content\/uploads\/2016\/02\/Passaporte_Mercosul1-300x200.jpg 300w, https:\/\/staging.bil.com.br\/blog\/wp-content\/uploads\/2016\/02\/Passaporte_Mercosul1-768x512.jpg 768w, https:\/\/staging.bil.com.br\/blog\/wp-content\/uploads\/2016\/02\/Passaporte_Mercosul1-1024x683.jpg 1024w, https:\/\/staging.bil.com.br\/blog\/wp-content\/uploads\/2016\/02\/Passaporte_Mercosul1-750x500.jpg 750w, https:\/\/staging.bil.com.br\/blog\/wp-content\/uploads\/2016\/02\/Passaporte_Mercosul1.jpg 2048w\" sizes=\"(max-width: 300px) 100vw, 300px\" \/><\/p>\n<p><strong>\u00a0Uma super dica \u00e9 que os novos modelos de passaporte trazem a op\u00e7\u00e3o da autoriza\u00e7\u00e3o ser pr\u00e9via dos pais ou respons\u00e1veis e j\u00e1 sai impressa no pr\u00f3prio passaporte, isso evita a burocracia em toda viagem.<\/strong><\/p>\n<h2><u>Companhias a\u00e9reas<\/u><\/h2>\n<p>Os documentos ir\u00e3o\u00a0depender do destino e da companhia a\u00e9rea. Em geral solicitam documento que comprovem local da estadia do menor de idade e passagem a\u00e9rea de retorno ao Brasil. Aten\u00e7\u00e3o dependendo do pa\u00eds de destino outro documento pode ser solicitado como por exemplo o Canad\u00e1 que os menores de idade devem portar do documento chamado custodian.<\/p>\n<p>As companhia a\u00e9reas tamb\u00e9m disponibilizam o servi\u00e7o de acompanhamento de menor de idade, nada mais \u00e9 que os funcion\u00e1rios da companhia ficar\u00e3o respons\u00e1veis de acompanhar e encaminhar o menor de idade para os port\u00f5es de embarque e desembarque (se no caso de conex\u00e3o transporte de port\u00f5es tamb\u00e9m). \u00a0Este servi\u00e7o pode custar a partir de US$ 100 e normalmente \u00e9 adquirido no check-in. \u00a0Dependendo da idade e da companhia a\u00e9rea pode ser obrigat\u00f3rio, normalmente entre 8 a 10 \u00e9 exigido.<\/p>\n<p><img decoding=\"async\" class=\"aligncenter wp-image-1416 size-medium\" src=\"https:\/\/staging.bil.com.br\/blog\/wp-content\/uploads\/2016\/02\/20091118305061-300x169.jpg\" alt=\"2009111830506[1]\" width=\"300\" height=\"169\" srcset=\"https:\/\/staging.bil.com.br\/blog\/wp-content\/uploads\/2016\/02\/20091118305061-300x169.jpg 300w, https:\/\/staging.bil.com.br\/blog\/wp-content\/uploads\/2016\/02\/20091118305061.jpg 640w\" sizes=\"(max-width: 300px) 100vw, 300px\" \/><\/p>\n<h6><em>Observa\u00e7\u00f5es: informa\u00e7\u00f5es tiradas do site da pol\u00edcia federal.<\/em><\/h6>\n","protected":false},"excerpt":{"rendered":"<p>Quando um menor de idade vai viajar desacompanhado dos pais e\/ou respons\u00e1veis tanto para viagens dentro do Brasil ou fora [&hellip;]<\/p>\n","protected":false},"author":1,"featured_media":0,"comment_status":"open","ping_status":"open","sticky":false,"template":"","format":"standard","meta":{"_uf_show_specific_survey":0,"_uf_disable_surveys":false,"site-sidebar-layout":"default","site-content-layout":"","ast-site-content-layout":"","site-content-style":"default","site-sidebar-style":"default","ast-global-header-display":"","ast-banner-title-visibility":"","ast-main-header-display":"","ast-hfb-above-header-display":"","ast-hfb-below-header-display":"","ast-hfb-mobile-header-display":"","site-post-title":"","ast-breadcrumbs-content":"","ast-featured-img":"","footer-sml-layout":"","theme-transparent-header-meta":"","adv-header-id-meta":"","stick-header-meta":"","header-above-stick-meta":"","header-main-stick-meta":"","header-below-stick-meta":"","astra-migrate-meta-layouts":"default","ast-page-background-enabled":"default","ast-page-background-meta":{"desktop":{"background-color":"var(--ast-global-color-4)","background-image":"","background-repeat":"repeat","background-position":"center center","background-size":"auto","background-attachment":"scroll","background-type":"","background-media":"","overlay-type":"","overlay-color":"","overlay-gradient":""},"tablet":{"background-color":"","background-image":"","background-repeat":"repeat","background-position":"center center","background-size":"auto","background-attachment":"scroll","background-type":"","background-media":"","overlay-type":"","overlay-color":"","overlay-gradient":""},"mobile":{"background-color":"","background-image":"","background-repeat":"repeat","background-position":"center center","background-size":"auto","background-attachment":"scroll","background-type":"","background-media":"","overlay-type":"","overlay-color":"","overlay-gradient":""}},"ast-content-background-meta":{"desktop":{"background-color":"var(--ast-global-color-5)","background-image":"","background-repeat":"repeat","background-position":"center center","background-size":"auto","background-attachment":"scroll","background-type":"","background-media":"","overlay-type":"","overlay-color":"","overlay-gradient":""},"tablet":{"background-color":"var(--ast-global-color-5)","background-image":"","background-repeat":"repeat","background-position":"center center","background-size":"auto","background-attachment":"scroll","background-type":"","background-media":"","overlay-type":"","overlay-color":"","overlay-gradient":""},"mobile":{"background-color":"var(--ast-global-color-5)","background-image":"","background-repeat":"repeat","background-position":"center center","background-size":"auto","background-attachment":"scroll","background-type":"","background-media":"","overlay-type":"","overlay-color":"","overlay-gradient":""}},"footnotes":""},"categories":[78,3,5,7,11],"tags":[],"class_list":["post-1397","post","type-post","status-publish","format-standard","hentry","category-bil-informa","category-disney","category-ferias-teen","category-high-school","category-turismo"],"yoast_head":"<!-- This site is optimized with the Yoast SEO plugin v27.2 - https:\/\/yoast.com\/product\/yoast-seo-wordpress\/ -->\n<title>Menor de idade vai viajar desacompanhado dos pais? Confira a papelada que dever\u00e1 preparar. &#8226; Blog - BIL Interc\u00e2mbios e Turismo<\/title>\n<meta name=\"robots\" content=\"index, follow, max-snippet:-1, max-image-preview:large, max-video-preview:-1\" \/>\n<link rel=\"canonical\" href=\"https:\/\/staging.bil.com.br\/blog\/menor-de-idade-vai-viajar-desacompanhado-dos-pais-confira-a-papelada-que-devera-preparar\/\" \/>\n<meta property=\"og:locale\" content=\"pt_BR\" \/>\n<meta property=\"og:type\" content=\"article\" \/>\n<meta property=\"og:title\" content=\"Menor de idade vai viajar desacompanhado dos pais? Confira a papelada que dever\u00e1 preparar. &#8226; Blog - BIL Interc\u00e2mbios e Turismo\" \/>\n<meta property=\"og:description\" content=\"Quando um menor de idade vai viajar desacompanhado dos pais e\/ou respons\u00e1veis tanto para viagens dentro do Brasil ou fora [&hellip;]\" \/>\n<meta property=\"og:url\" content=\"https:\/\/staging.bil.com.br\/blog\/menor-de-idade-vai-viajar-desacompanhado-dos-pais-confira-a-papelada-que-devera-preparar\/\" \/>\n<meta property=\"og:site_name\" content=\"Blog - BIL Interc\u00e2mbios e Turismo\" \/>\n<meta property=\"article:publisher\" content=\"https:\/\/www.facebook.com\/bilintercambios\" \/>\n<meta property=\"article:published_time\" content=\"2016-02-09T00:01:54+00:00\" \/>\n<meta property=\"article:modified_time\" content=\"2020-02-28T14:11:44+00:00\" \/>\n<meta property=\"og:image\" content=\"https:\/\/staging.bil.com.br\/blog\/wp-content\/uploads\/2016\/02\/rg1-300x158.jpg\" \/>\n<meta name=\"author\" content=\"BIL Interc\u00e2mbios\" \/>\n<meta name=\"twitter:card\" content=\"summary_large_image\" \/>\n<meta name=\"twitter:creator\" content=\"@bilintercambios\" \/>\n<meta name=\"twitter:site\" content=\"@bilintercambios\" \/>\n<meta name=\"twitter:label1\" content=\"Escrito por\" \/>\n\t<meta name=\"twitter:data1\" content=\"BIL Interc\u00e2mbios\" \/>\n\t<meta name=\"twitter:label2\" content=\"Est. tempo de leitura\" \/>\n\t<meta name=\"twitter:data2\" content=\"3 minutos\" \/>\n<script type=\"application\/ld+json\" class=\"yoast-schema-graph\">{\"@context\":\"https:\/\/schema.org\",\"@graph\":[{\"@type\":\"Article\",\"@id\":\"https:\/\/staging.bil.com.br\/blog\/menor-de-idade-vai-viajar-desacompanhado-dos-pais-confira-a-papelada-que-devera-preparar\/#article\",\"isPartOf\":{\"@id\":\"https:\/\/staging.bil.com.br\/blog\/menor-de-idade-vai-viajar-desacompanhado-dos-pais-confira-a-papelada-que-devera-preparar\/\"},\"author\":{\"name\":\"BIL Interc\u00e2mbios\",\"@id\":\"https:\/\/staging.bil.com.br\/blog\/#\/schema\/person\/4e0c9918f37f148b1e0c534ef0963d92\"},\"headline\":\"Menor de idade vai viajar desacompanhado dos pais? Confira a papelada que dever\u00e1 preparar.\",\"datePublished\":\"2016-02-09T00:01:54+00:00\",\"dateModified\":\"2020-02-28T14:11:44+00:00\",\"mainEntityOfPage\":{\"@id\":\"https:\/\/staging.bil.com.br\/blog\/menor-de-idade-vai-viajar-desacompanhado-dos-pais-confira-a-papelada-que-devera-preparar\/\"},\"wordCount\":534,\"commentCount\":1,\"publisher\":{\"@id\":\"https:\/\/staging.bil.com.br\/blog\/#organization\"},\"image\":{\"@id\":\"https:\/\/staging.bil.com.br\/blog\/menor-de-idade-vai-viajar-desacompanhado-dos-pais-confira-a-papelada-que-devera-preparar\/#primaryimage\"},\"thumbnailUrl\":\"https:\/\/staging.bil.com.br\/blog\/wp-content\/uploads\/2016\/02\/rg1-300x158.jpg\",\"articleSection\":[\"BIL Informa\",\"Disney\",\"F\u00e9rias Teen\",\"High School\",\"Turismo\"],\"inLanguage\":\"pt-BR\",\"potentialAction\":[{\"@type\":\"CommentAction\",\"name\":\"Comment\",\"target\":[\"https:\/\/staging.bil.com.br\/blog\/menor-de-idade-vai-viajar-desacompanhado-dos-pais-confira-a-papelada-que-devera-preparar\/#respond\"]}]},{\"@type\":\"WebPage\",\"@id\":\"https:\/\/staging.bil.com.br\/blog\/menor-de-idade-vai-viajar-desacompanhado-dos-pais-confira-a-papelada-que-devera-preparar\/\",\"url\":\"https:\/\/staging.bil.com.br\/blog\/menor-de-idade-vai-viajar-desacompanhado-dos-pais-confira-a-papelada-que-devera-preparar\/\",\"name\":\"Menor de idade vai viajar desacompanhado dos pais? Confira a papelada que dever\u00e1 preparar. &#8226; Blog - BIL Interc\u00e2mbios e Turismo\",\"isPartOf\":{\"@id\":\"https:\/\/staging.bil.com.br\/blog\/#website\"},\"primaryImageOfPage\":{\"@id\":\"https:\/\/staging.bil.com.br\/blog\/menor-de-idade-vai-viajar-desacompanhado-dos-pais-confira-a-papelada-que-devera-preparar\/#primaryimage\"},\"image\":{\"@id\":\"https:\/\/staging.bil.com.br\/blog\/menor-de-idade-vai-viajar-desacompanhado-dos-pais-confira-a-papelada-que-devera-preparar\/#primaryimage\"},\"thumbnailUrl\":\"https:\/\/staging.bil.com.br\/blog\/wp-content\/uploads\/2016\/02\/rg1-300x158.jpg\",\"datePublished\":\"2016-02-09T00:01:54+00:00\",\"dateModified\":\"2020-02-28T14:11:44+00:00\",\"breadcrumb\":{\"@id\":\"https:\/\/staging.bil.com.br\/blog\/menor-de-idade-vai-viajar-desacompanhado-dos-pais-confira-a-papelada-que-devera-preparar\/#breadcrumb\"},\"inLanguage\":\"pt-BR\",\"potentialAction\":[{\"@type\":\"ReadAction\",\"target\":[\"https:\/\/staging.bil.com.br\/blog\/menor-de-idade-vai-viajar-desacompanhado-dos-pais-confira-a-papelada-que-devera-preparar\/\"]}]},{\"@type\":\"ImageObject\",\"inLanguage\":\"pt-BR\",\"@id\":\"https:\/\/staging.bil.com.br\/blog\/menor-de-idade-vai-viajar-desacompanhado-dos-pais-confira-a-papelada-que-devera-preparar\/#primaryimage\",\"url\":\"https:\/\/staging.bil.com.br\/blog\/wp-content\/uploads\/2016\/02\/rg1.jpg\",\"contentUrl\":\"https:\/\/staging.bil.com.br\/blog\/wp-content\/uploads\/2016\/02\/rg1.jpg\",\"width\":1200,\"height\":630},{\"@type\":\"BreadcrumbList\",\"@id\":\"https:\/\/staging.bil.com.br\/blog\/menor-de-idade-vai-viajar-desacompanhado-dos-pais-confira-a-papelada-que-devera-preparar\/#breadcrumb\",\"itemListElement\":[{\"@type\":\"ListItem\",\"position\":1,\"name\":\"In\u00edcio\",\"item\":\"https:\/\/staging.bil.com.br\/blog\/\"},{\"@type\":\"ListItem\",\"position\":2,\"name\":\"Menor de idade vai viajar desacompanhado dos pais? Confira a papelada que dever\u00e1 preparar.\"}]},{\"@type\":\"WebSite\",\"@id\":\"https:\/\/staging.bil.com.br\/blog\/#website\",\"url\":\"https:\/\/staging.bil.com.br\/blog\/\",\"name\":\"Blog - Bil Interc\u00e2mbios e Turismo\",\"description\":\"Blog oficial da BIL Interc\u00e2mbios. Somos uma ag\u00eancia de interc\u00e2mbios e operadora de turismo. Desde 1985 levando jovens ao exterior. Cursos longos e cursos de f\u00e9rias e programas de interc\u00e2mbio para todas as idades.\",\"publisher\":{\"@id\":\"https:\/\/staging.bil.com.br\/blog\/#organization\"},\"potentialAction\":[{\"@type\":\"SearchAction\",\"target\":{\"@type\":\"EntryPoint\",\"urlTemplate\":\"https:\/\/staging.bil.com.br\/blog\/?s={search_term_string}\"},\"query-input\":{\"@type\":\"PropertyValueSpecification\",\"valueRequired\":true,\"valueName\":\"search_term_string\"}}],\"inLanguage\":\"pt-BR\"},{\"@type\":\"Organization\",\"@id\":\"https:\/\/staging.bil.com.br\/blog\/#organization\",\"name\":\"BIL Interc\u00e2mbios & Turismo\",\"url\":\"https:\/\/staging.bil.com.br\/blog\/\",\"logo\":{\"@type\":\"ImageObject\",\"inLanguage\":\"pt-BR\",\"@id\":\"https:\/\/staging.bil.com.br\/blog\/#\/schema\/logo\/image\/\",\"url\":\"\",\"contentUrl\":\"\",\"caption\":\"BIL Interc\u00e2mbios & Turismo\"},\"image\":{\"@id\":\"https:\/\/staging.bil.com.br\/blog\/#\/schema\/logo\/image\/\"},\"sameAs\":[\"https:\/\/www.facebook.com\/bilintercambios\",\"https:\/\/x.com\/bilintercambios\",\"https:\/\/www.instagram.com\/bilintercambios\/\",\"https:\/\/www.linkedin.com\/company\/bil-interc-mbios\",\"https:\/\/www.youtube.com\/channel\/UCvKk5_ODgCq7D2oz2nt4BNQ\"]},{\"@type\":\"Person\",\"@id\":\"https:\/\/staging.bil.com.br\/blog\/#\/schema\/person\/4e0c9918f37f148b1e0c534ef0963d92\",\"name\":\"BIL Interc\u00e2mbios\",\"image\":{\"@type\":\"ImageObject\",\"inLanguage\":\"pt-BR\",\"@id\":\"https:\/\/secure.gravatar.com\/avatar\/33936bb89626befe5d92fc935c880ed73090af1a29e4008103a12b79b04e5972?s=96&d=mm&r=g\",\"url\":\"https:\/\/secure.gravatar.com\/avatar\/33936bb89626befe5d92fc935c880ed73090af1a29e4008103a12b79b04e5972?s=96&d=mm&r=g\",\"contentUrl\":\"https:\/\/secure.gravatar.com\/avatar\/33936bb89626befe5d92fc935c880ed73090af1a29e4008103a12b79b04e5972?s=96&d=mm&r=g\",\"caption\":\"BIL Interc\u00e2mbios\"},\"sameAs\":[\"http:\/\/www.bil.com.br\"]}]}<\/script>\n<!-- \/ Yoast SEO plugin. -->","yoast_head_json":{"title":"Menor de idade vai viajar desacompanhado dos pais? Confira a papelada que dever\u00e1 preparar. &#8226; Blog - BIL Interc\u00e2mbios e Turismo","robots":{"index":"index","follow":"follow","max-snippet":"max-snippet:-1","max-image-preview":"max-image-preview:large","max-video-preview":"max-video-preview:-1"},"canonical":"https:\/\/staging.bil.com.br\/blog\/menor-de-idade-vai-viajar-desacompanhado-dos-pais-confira-a-papelada-que-devera-preparar\/","og_locale":"pt_BR","og_type":"article","og_title":"Menor de idade vai viajar desacompanhado dos pais? Confira a papelada que dever\u00e1 preparar. &#8226; Blog - BIL Interc\u00e2mbios e Turismo","og_description":"Quando um menor de idade vai viajar desacompanhado dos pais e\/ou respons\u00e1veis tanto para viagens dentro do Brasil ou fora [&hellip;]","og_url":"https:\/\/staging.bil.com.br\/blog\/menor-de-idade-vai-viajar-desacompanhado-dos-pais-confira-a-papelada-que-devera-preparar\/","og_site_name":"Blog - BIL Interc\u00e2mbios e Turismo","article_publisher":"https:\/\/www.facebook.com\/bilintercambios","article_published_time":"2016-02-09T00:01:54+00:00","article_modified_time":"2020-02-28T14:11:44+00:00","og_image":[{"url":"https:\/\/staging.bil.com.br\/blog\/wp-content\/uploads\/2016\/02\/rg1-300x158.jpg","type":"","width":"","height":""}],"author":"BIL Interc\u00e2mbios","twitter_card":"summary_large_image","twitter_creator":"@bilintercambios","twitter_site":"@bilintercambios","twitter_misc":{"Escrito por":"BIL Interc\u00e2mbios","Est. tempo de leitura":"3 minutos"},"schema":{"@context":"https:\/\/schema.org","@graph":[{"@type":"Article","@id":"https:\/\/staging.bil.com.br\/blog\/menor-de-idade-vai-viajar-desacompanhado-dos-pais-confira-a-papelada-que-devera-preparar\/#article","isPartOf":{"@id":"https:\/\/staging.bil.com.br\/blog\/menor-de-idade-vai-viajar-desacompanhado-dos-pais-confira-a-papelada-que-devera-preparar\/"},"author":{"name":"BIL Interc\u00e2mbios","@id":"https:\/\/staging.bil.com.br\/blog\/#\/schema\/person\/4e0c9918f37f148b1e0c534ef0963d92"},"headline":"Menor de idade vai viajar desacompanhado dos pais? Confira a papelada que dever\u00e1 preparar.","datePublished":"2016-02-09T00:01:54+00:00","dateModified":"2020-02-28T14:11:44+00:00","mainEntityOfPage":{"@id":"https:\/\/staging.bil.com.br\/blog\/menor-de-idade-vai-viajar-desacompanhado-dos-pais-confira-a-papelada-que-devera-preparar\/"},"wordCount":534,"commentCount":1,"publisher":{"@id":"https:\/\/staging.bil.com.br\/blog\/#organization"},"image":{"@id":"https:\/\/staging.bil.com.br\/blog\/menor-de-idade-vai-viajar-desacompanhado-dos-pais-confira-a-papelada-que-devera-preparar\/#primaryimage"},"thumbnailUrl":"https:\/\/staging.bil.com.br\/blog\/wp-content\/uploads\/2016\/02\/rg1-300x158.jpg","articleSection":["BIL Informa","Disney","F\u00e9rias Teen","High School","Turismo"],"inLanguage":"pt-BR","potentialAction":[{"@type":"CommentAction","name":"Comment","target":["https:\/\/staging.bil.com.br\/blog\/menor-de-idade-vai-viajar-desacompanhado-dos-pais-confira-a-papelada-que-devera-preparar\/#respond"]}]},{"@type":"WebPage","@id":"https:\/\/staging.bil.com.br\/blog\/menor-de-idade-vai-viajar-desacompanhado-dos-pais-confira-a-papelada-que-devera-preparar\/","url":"https:\/\/staging.bil.com.br\/blog\/menor-de-idade-vai-viajar-desacompanhado-dos-pais-confira-a-papelada-que-devera-preparar\/","name":"Menor de idade vai viajar desacompanhado dos pais? Confira a papelada que dever\u00e1 preparar. &#8226; Blog - BIL Interc\u00e2mbios e Turismo","isPartOf":{"@id":"https:\/\/staging.bil.com.br\/blog\/#website"},"primaryImageOfPage":{"@id":"https:\/\/staging.bil.com.br\/blog\/menor-de-idade-vai-viajar-desacompanhado-dos-pais-confira-a-papelada-que-devera-preparar\/#primaryimage"},"image":{"@id":"https:\/\/staging.bil.com.br\/blog\/menor-de-idade-vai-viajar-desacompanhado-dos-pais-confira-a-papelada-que-devera-preparar\/#primaryimage"},"thumbnailUrl":"https:\/\/staging.bil.com.br\/blog\/wp-content\/uploads\/2016\/02\/rg1-300x158.jpg","datePublished":"2016-02-09T00:01:54+00:00","dateModified":"2020-02-28T14:11:44+00:00","breadcrumb":{"@id":"https:\/\/staging.bil.com.br\/blog\/menor-de-idade-vai-viajar-desacompanhado-dos-pais-confira-a-papelada-que-devera-preparar\/#breadcrumb"},"inLanguage":"pt-BR","potentialAction":[{"@type":"ReadAction","target":["https:\/\/staging.bil.com.br\/blog\/menor-de-idade-vai-viajar-desacompanhado-dos-pais-confira-a-papelada-que-devera-preparar\/"]}]},{"@type":"ImageObject","inLanguage":"pt-BR","@id":"https:\/\/staging.bil.com.br\/blog\/menor-de-idade-vai-viajar-desacompanhado-dos-pais-confira-a-papelada-que-devera-preparar\/#primaryimage","url":"https:\/\/staging.bil.com.br\/blog\/wp-content\/uploads\/2016\/02\/rg1.jpg","contentUrl":"https:\/\/staging.bil.com.br\/blog\/wp-content\/uploads\/2016\/02\/rg1.jpg","width":1200,"height":630},{"@type":"BreadcrumbList","@id":"https:\/\/staging.bil.com.br\/blog\/menor-de-idade-vai-viajar-desacompanhado-dos-pais-confira-a-papelada-que-devera-preparar\/#breadcrumb","itemListElement":[{"@type":"ListItem","position":1,"name":"In\u00edcio","item":"https:\/\/staging.bil.com.br\/blog\/"},{"@type":"ListItem","position":2,"name":"Menor de idade vai viajar desacompanhado dos pais? Confira a papelada que dever\u00e1 preparar."}]},{"@type":"WebSite","@id":"https:\/\/staging.bil.com.br\/blog\/#website","url":"https:\/\/staging.bil.com.br\/blog\/","name":"Blog - Bil Interc\u00e2mbios e Turismo","description":"Blog oficial da BIL Interc\u00e2mbios. Somos uma ag\u00eancia de interc\u00e2mbios e operadora de turismo. Desde 1985 levando jovens ao exterior. Cursos longos e cursos de f\u00e9rias e programas de interc\u00e2mbio para todas as idades.","publisher":{"@id":"https:\/\/staging.bil.com.br\/blog\/#organization"},"potentialAction":[{"@type":"SearchAction","target":{"@type":"EntryPoint","urlTemplate":"https:\/\/staging.bil.com.br\/blog\/?s={search_term_string}"},"query-input":{"@type":"PropertyValueSpecification","valueRequired":true,"valueName":"search_term_string"}}],"inLanguage":"pt-BR"},{"@type":"Organization","@id":"https:\/\/staging.bil.com.br\/blog\/#organization","name":"BIL Interc\u00e2mbios & Turismo","url":"https:\/\/staging.bil.com.br\/blog\/","logo":{"@type":"ImageObject","inLanguage":"pt-BR","@id":"https:\/\/staging.bil.com.br\/blog\/#\/schema\/logo\/image\/","url":"","contentUrl":"","caption":"BIL Interc\u00e2mbios & Turismo"},"image":{"@id":"https:\/\/staging.bil.com.br\/blog\/#\/schema\/logo\/image\/"},"sameAs":["https:\/\/www.facebook.com\/bilintercambios","https:\/\/x.com\/bilintercambios","https:\/\/www.instagram.com\/bilintercambios\/","https:\/\/www.linkedin.com\/company\/bil-interc-mbios","https:\/\/www.youtube.com\/channel\/UCvKk5_ODgCq7D2oz2nt4BNQ"]},{"@type":"Person","@id":"https:\/\/staging.bil.com.br\/blog\/#\/schema\/person\/4e0c9918f37f148b1e0c534ef0963d92","name":"BIL Interc\u00e2mbios","image":{"@type":"ImageObject","inLanguage":"pt-BR","@id":"https:\/\/secure.gravatar.com\/avatar\/33936bb89626befe5d92fc935c880ed73090af1a29e4008103a12b79b04e5972?s=96&d=mm&r=g","url":"https:\/\/secure.gravatar.com\/avatar\/33936bb89626befe5d92fc935c880ed73090af1a29e4008103a12b79b04e5972?s=96&d=mm&r=g","contentUrl":"https:\/\/secure.gravatar.com\/avatar\/33936bb89626befe5d92fc935c880ed73090af1a29e4008103a12b79b04e5972?s=96&d=mm&r=g","caption":"BIL Interc\u00e2mbios"},"sameAs":["http:\/\/www.bil.com.br"]}]}},"_links":{"self":[{"href":"https:\/\/staging.bil.com.br\/blog\/wp-json\/wp\/v2\/posts\/1397","targetHints":{"allow":["GET"]}}],"collection":[{"href":"https:\/\/staging.bil.com.br\/blog\/wp-json\/wp\/v2\/posts"}],"about":[{"href":"https:\/\/staging.bil.com.br\/blog\/wp-json\/wp\/v2\/types\/post"}],"author":[{"embeddable":true,"href":"https:\/\/staging.bil.com.br\/blog\/wp-json\/wp\/v2\/users\/1"}],"replies":[{"embeddable":true,"href":"https:\/\/staging.bil.com.br\/blog\/wp-json\/wp\/v2\/comments?post=1397"}],"version-history":[{"count":0,"href":"https:\/\/staging.bil.com.br\/blog\/wp-json\/wp\/v2\/posts\/1397\/revisions"}],"wp:attachment":[{"href":"https:\/\/staging.bil.com.br\/blog\/wp-json\/wp\/v2\/media?parent=1397"}],"wp:term":[{"taxonomy":"category","embeddable":true,"href":"https:\/\/staging.bil.com.br\/blog\/wp-json\/wp\/v2\/categories?post=1397"},{"taxonomy":"post_tag","embeddable":true,"href":"https:\/\/staging.bil.com.br\/blog\/wp-json\/wp\/v2\/tags?post=1397"}],"curies":[{"name":"wp","href":"https:\/\/api.w.org\/{rel}","templated":true}]}}